[{"@context":"https:\/\/schema.org\/","@type":"Article","@id":"https:\/\/www.divel.sk\/hroza-v-podobe-covidu\/#Article","mainEntityOfPage":"https:\/\/www.divel.sk\/hroza-v-podobe-covidu\/","headline":"Hroza v podobe covidu","name":"Hroza v podobe covidu","description":"Pam\u00e4t\u00e1te si na dobu covidu? Bolo to hrozn\u00e9 obdobie, na ktor\u00e9 fakt nerada spom\u00ednam. Bol jednu dobu aj z\u00e1kaz vych\u00e1dzania a to pre m\u0148a bolo nie\u010do, ako keby som bola vo v\u00e4zen\u00ed. A nechcelo sa mi len sedie\u0165 doma a pozera\u0165 sa na telev\u00edziu, alebo sa pozera\u0165 do po\u010d\u00edta\u010da a hra\u0165 nejak\u00e9 hry. Bola to [&hellip;]","datePublished":"2024-01-12","dateModified":"2024-01-12","author":{"@type":"Person","@id":"https:\/\/www.divel.sk\/author\/#Person","name":"","url":"https:\/\/www.divel.sk\/author\/","identifier":1,"image":{"@type":"ImageObject","@id":"https:\/\/secure.gravatar.com\/avatar\/25a824e14ead2d36aba24b918221841350fb41cea98048e9b1929df8c4bf4bd8?s=96&d=mm&r=g","url":"https:\/\/secure.gravatar.com\/avatar\/25a824e14ead2d36aba24b918221841350fb41cea98048e9b1929df8c4bf4bd8?s=96&d=mm&r=g","height":96,"width":96}},"publisher":{"@type":"Organization","name":"divel.sk","logo":{"@type":"ImageObject","@id":"\/logo.png","url":"\/logo.png","width":600,"height":60}},"image":{"@type":"ImageObject","@id":"https:\/\/www.divel.sk\/wp-content\/uploads\/antigen-test-7058667_1280_1.jpg","url":"https:\/\/www.divel.sk\/wp-content\/uploads\/antigen-test-7058667_1280_1.jpg","height":0,"width":0},"url":"https:\/\/www.divel.sk\/hroza-v-podobe-covidu\/","wordCount":406,"articleBody":"   Pam\u00e4t\u00e1te si na dobu covidu? Bolo to hrozn\u00e9 obdobie, na ktor\u00e9 fakt nerada spom\u00ednam. Bol jednu dobu aj z\u00e1kaz vych\u00e1dzania a to pre m\u0148a bolo nie\u010do, ako keby som bola vo v\u00e4zen\u00ed. A nechcelo sa mi len sedie\u0165 doma a pozera\u0165 sa na telev\u00edziu, alebo sa pozera\u0165 do po\u010d\u00edta\u010da a hra\u0165 nejak\u00e9 hry. Bola to jednoducho nuda. Do toho, ako st\u00e1le v telev\u00edzii nebolo v\u00f4bec ni\u010d in\u00e9, ne\u017e len veci o covide, stra\u0161ne ma to \u0161tvalo a desilo. A potom sa stalo nie\u010do, \u010do ma \u00faplne vyko\u013eajilo. Dc\u00e9ra dostala covid, bolo jej \u0161ialene zle, a ja som sa o nej \u0161ialene b\u00e1la. Bola som strachy bez seba, \u010do bude a nebude. Plakala a nebolo jej dobre a ja som fakt myslela, \u017ee strachy umriem. To bolo sn\u00e1\u010f jedno z najhor\u0161\u00edch obdob\u00ed, \u010do som za\u017eila a rad\u0161ej sa toto obdobie u\u017e sna\u017e\u00edm vytesni\u0165 z hlavy. Bolo to pre m\u0148a \u0161ialen\u00e9 takto vidie\u0165 moju dc\u00e9ru a nevedela som v tom \u010dase v\u00f4bec ni\u010d. Potom som covid samozrejme chytila \u200b\u200baj ja, ale nebolo to zas tak nie\u010do hrozn\u00e9. Je pravda, \u017ee ma \u0161ialene s\u00edce bolela dva dni hlava a motala sa mi \u00faplne \u0161ialene, takto zle mi asi nebolo, ale v porovnan\u00ed s t\u00fdm, \u010do pre\u017e\u00edvala moja dc\u00e9ra, to bolo ni\u010d. Bolo to \u0161ialen\u00e9, e\u0161te \u017ee u\u017e je to za nami a d\u00fafam, \u017ee u\u017e sa sn\u00e1\u010f covid nevr\u00e1ti, preto\u017ee bolo \u0161ialen\u00e9 aj to, ako sa v\u0161ade museli nosi\u0165 r\u00fa\u0161ka. A pre m\u0148a ako pre alergika to bolo e\u0161te hor\u0161ie, preto\u017ee sa mi \u0161ialene zle d\u00fdchalo.Tak som rada, \u017ee toto &#8220;obdobie&#8221; covidu u\u017e prestalo a norm\u00e1lne m\u00f4\u017eem chodi\u0165 bez r\u00fa\u0161ka. A pam\u00e4t\u00e1te si, ako sa covid testoval? No samozrejme z mo\u010du. Ale ako sa tie testy volali? Jedny sa volali antig\u00e9nov\u00e9 testy a tie som podstupovala aj ja a e\u0161te boli jedny testy a to si nem\u00f4\u017eem spomen\u00fa\u0165 na ich meno. Tak\u017ee v\u00e1m to bohu\u017eia\u013e neprezrad\u00edm. D\u00f4le\u017eit\u00e9 je, ale \u017ee je covid pre\u010d a \u017ee u\u017e je to zase v\u0161etko, d\u00e1 sa poveda\u0165 v norm\u00e1le, a\u017e na tie \u0161ialen\u00e9 zv\u00fd\u0161en\u00e9 ceny od doby covidu. Ale aspo\u0148 nie\u010do.                                                                                                                                                                                                                                                                                                                                                                                                  "},{"@context":"https:\/\/schema.org\/","@type":"BreadcrumbList","itemListElement":[{"@type":"ListItem","position":1,"name":"Hroza v podobe covidu","item":"https:\/\/www.divel.sk\/hroza-v-podobe-covidu\/#breadcrumbitem"}]}]